{"id":18458,"date":"2021-10-18T11:19:58","date_gmt":"2021-10-18T10:19:58","guid":{"rendered":"https:\/\/www.lohrer-mopper.de\/?p=18458"},"modified":"2021-10-20T14:45:16","modified_gmt":"2021-10-20T13:45:16","slug":"lohrer-mopper-wollen-mit-veranstaltungen-weiter-fahrt-aufnehmen","status":"publish","type":"post","link":"https:\/\/www.lohrer-mopper.de\/?p=18458","title":{"rendered":"Lohrer Mopper wollen mit Veranstaltungen weiter Fahrt aufnehmen"},"content":{"rendered":"\n<figure class=\"wp-block-image size-full is-resized\"><img loading=\"lazy\" src=\"https:\/\/www.lohrer-mopper.de\/wp-content\/uploads\/5500319_artikeldetail-bild_1xqLhU_3mzUiS.jpg\" alt=\"\" class=\"wp-image-18464\" width=\"668\" height=\"500\"\/><\/figure>\n\n\n\n<p style=\"font-size:12px\">Das neue F\u00fchrungsteam der KFG. Vordere Reihe: Caro Sachse (Schriftf\u00fchrerin), Julia Schmitt, Arno Schmitt, Karl-Hermann Hummel, Hannah Froesch, Annette Holewa, Vanessa Horn, Barbara Gabel, Leonie Aull (Mitgliederverwaltung), Michael Schecher; Hintere Reihe: G\u00fcnter Lutz, Wito Schmidt, Sandra Stegerwald, Lisa-Marie Krautwald, Julia La Ferla (Kassenf\u00fchrung), Matthias Schneider; Es fehlen: Ute Mallmann und Hartmut Pfeffer; Foto: Bastian Bregenzer <\/p>\n\n\n\n<p>Am 08. Oktober 2021 fand um 19 Uhr im Pfarrheim Lohr die diesj\u00e4hrige Jahreshauptversammlung der Lohrer Mopper statt. Michael Schecher bedankte sich bei allen f\u00fcr ihr Kommen und Sandra Stegerwald startete mit einem kleinen R\u00fcckblick auf die Session 2020 und 2021.<\/p>\n\n\n\n<p>Die Kampagne 2020 war ein voller Erfolg. Es fanden 3 ausverkaufte Abendsitzungen, eine Familiensitzung am Sonntagnachmittag, ein Besuch im Caritas-Seniorenheim und nach langer Zeit wieder ein sehr erfolgreicher Mopper-Ball statt.<\/p>\n\n\n\n<p>Die Corona-Pandemie hat auch die Lohrer Mopper in der Session 2021 zu einer Pause gezwungen, allerdings waren sie nie komplett von der Bildfl\u00e4che verschwunden. So entstanden Videos zur Faschingser\u00f6ffnung und eigens designte Stoffmasken wurden an der neuen Mopper &amp; Schn\u00fcdel \u201eDenkmal\u201c am Schlossplatz vorgestellt. Die Tanzgruppen nahmen an einer Online Challenge auf Instagram teil und im Februar diesen Jahres fand der \u201eMopper Couch Carneval\u201c statt. Letzteres war bei Gro\u00df und Klein sehr beliebt.<\/p>\n\n\n\n<p>Die Vorstellung des Kassenberichts erfolgte ein letztes mal durch Ingbert Wack. Seine Nachfolge tritt Julia La Ferla an.<\/p>\n\n\n\n<p>Anschlie\u00dfend bedankte sich Michael Schecher bei Wolfgang und Ruth Graf f\u00fcr ihren unerm\u00fcdlichen Einsatz im Lohrer Fasching in den letzten Jahren. Wolfgang Graf wurde als Gesellschaftspr\u00e4sident verabschiedet. Sie bleiben den Lohrer Moppern selbstverst\u00e4ndlich auch weiterhin erhalten, wenn sie nun auch etwas in die zweite Reihe zur\u00fccktreten.<\/p>\n\n\n\n<p>Das in Gruppenarbeit neu erstellte Organigramm wurde von Julia Schmitt pr\u00e4sentiert. Durch eine Umstrukturierung in der KFG werden die Aufgaben nun in 13 Bereiche unterteilt. Jeder Bereich hat seinen eigenen Ansprechpartner und somit wird die Verantwortung auf mehrere Schultern verteilt.<\/p>\n\n\n\n<p>Abschlie\u00dfend stellten Michael Schecher und Arno Schmitt die geplanten Veranstaltungen f\u00fcr die Kampagne 2021\/2022 vor. Sollte es die Corona-Pandemie zulassen, wird es wieder Elferatssitzungen geben, die Planungen laufen auf Hochtouren. Die Faschingser\u00f6ffnung ist am13. November 2021 um 11.11Uhr an der neuen Mopper &amp; Schn\u00fcdel Darstellung am Schlo\u00dfplatz. Auch die Seniorensitzung im Caritas Seniorenzentrum soll 2022 wieder stattfinden.<\/p>\n\n\n\n<p>Die Lohrer Mopper blicken positiv in die Zukunft und freuen sich auf die kommende Session 2021\/2022.<\/p>\n\n\n\n<p>Quelle:&nbsp;<em><a href=\"https:\/\/www.main-echo.de\/unser-echo\/gruppen\/KFG-Lohrer-Mopper;verein0,5421,B::lohrer-mopper-wollen-mit-veranstaltungen-weiter-fahrt-aufnehmen-art-7398725#.YW00J5Ay3IQ.wordpress\">Leserbeitrag: LOHRER MOPPER WOLLEN MIT VERANSTALTUNGEN WEITER FAHRT AUFNEHMEN |<\/a><\/em><\/p>\n","protected":false},"excerpt":{"rendered":"<p>Das neue F\u00fchrungsteam der KFG. Vordere Reihe: Caro Sachse (Schriftf\u00fchrerin), Julia Schmitt, Arno Schmitt, Karl-Hermann Hummel, Hannah Froesch, Annette Holewa, Vanessa Horn, Barbara Gabel, Leonie Aull (Mitgliederverwaltung), Michael Schecher; Hintere Reihe: G\u00fcnter Lutz, Wito Schmidt, Sandra Stegerwald, Lisa-Marie Krautwald, Julia La Ferla (Kassenf\u00fchrung), Matthias Schneider; Es fehlen: Ute Mallmann und Hartmut Pfeffer; Foto: Bastian Bregenzer &hellip; <a href=\"https:\/\/www.lohrer-mopper.de\/?p=18458\" class=\"more-link\"><span class=\"screen-reader-text\">Lohrer Mopper wollen mit Veranstaltungen weiter Fahrt aufnehmen<\/span> weiterlesen <span class=\"meta-nav\">&rarr;<\/span><\/a><\/p>\n","protected":false},"author":2,"featured_media":0,"comment_status":"closed","ping_status":"open","sticky":false,"template":"","format":"standard","meta":{"ngg_post_thumbnail":0,"_links_to":"","_links_to_target":""},"categories":[1],"tags":[],"_links":{"self":[{"href":"https:\/\/www.lohrer-mopper.de\/index.php?rest_route=\/wp\/v2\/posts\/18458"}],"collection":[{"href":"https:\/\/www.lohrer-mopper.de\/index.php?rest_route=\/wp\/v2\/posts"}],"about":[{"href":"https:\/\/www.lohrer-mopper.de\/index.php?rest_route=\/wp\/v2\/types\/post"}],"author":[{"embeddable":true,"href":"https:\/\/www.lohrer-mopper.de\/index.php?rest_route=\/wp\/v2\/users\/2"}],"replies":[{"embeddable":true,"href":"https:\/\/www.lohrer-mopper.de\/index.php?rest_route=%2Fwp%2Fv2%2Fcomments&post=18458"}],"version-history":[{"count":9,"href":"https:\/\/www.lohrer-mopper.de\/index.php?rest_route=\/wp\/v2\/posts\/18458\/revisions"}],"predecessor-version":[{"id":18513,"href":"https:\/\/www.lohrer-mopper.de\/index.php?rest_route=\/wp\/v2\/posts\/18458\/revisions\/18513"}],"wp:attachment":[{"href":"https:\/\/www.lohrer-mopper.de\/index.php?rest_route=%2Fwp%2Fv2%2Fmedia&parent=18458"}],"wp:term":[{"taxonomy":"category","embeddable":true,"href":"https:\/\/www.lohrer-mopper.de\/index.php?rest_route=%2Fwp%2Fv2%2Fcategories&post=18458"},{"taxonomy":"post_tag","embeddable":true,"href":"https:\/\/www.lohrer-mopper.de\/index.php?rest_route=%2Fwp%2Fv2%2Ftags&post=18458"}],"curies":[{"name":"wp","href":"https:\/\/api.w.org\/{rel}","templated":true}]}}